{"id":218,"date":"2019-08-08T13:22:04","date_gmt":"2019-08-08T13:22:04","guid":{"rendered":"http:\/\/test3.reitschule.ch\/reitschule\/druckitest\/?p=218"},"modified":"2020-06-21T15:00:30","modified_gmt":"2020-06-21T15:00:30","slug":"siebdruckkurse","status":"publish","type":"post","link":"https:\/\/reitschule.ch\/reitschule\/druckundfoto\/drucki\/?p=218","title":{"rendered":"Siebdruckkurse"},"content":{"rendered":"\n<p>Viermal j\u00e4hrlich f\u00fchren wir Siebdruckkurse durch. Lernt an zwei Abenden und einem Wochenende alles \u00fcber diese Drucktechnik und verwirklicht eure Ideen! Nach dem Kurs k\u00f6nnt ihr unsere offene Werkstatt f\u00fcr weitere Projekte benutzen. <br>Die n\u00e4chsten Kurse:<\/p>\n\n\n\n<p>August 2020: Mi. 12., Mi.19, Sa 22. &amp; So 23. August<\/p>\n\n\n\n<p>Oktober 2020: Mi. 07., 14., Sa. 17. &amp; So 18. Oktober<\/p>\n\n\n\n<p><br>Interessiert? Anmeldung bitte per e-mail an drucki@reitschule.ch! <\/p>\n\n\n\n<figure class=\"wp-block-image\"><img loading=\"lazy\" decoding=\"async\" width=\"900\" height=\"351\" src=\"http:\/\/test3.reitschule.ch\/reitschule\/druckitest\/wp-content\/uploads\/2019\/01\/offeneWerkstatt-e1548258326969.jpg\" alt=\"\" class=\"wp-image-86\" srcset=\"https:\/\/reitschule.ch\/reitschule\/druckundfoto\/drucki\/wp-content\/uploads\/2019\/01\/offeneWerkstatt-e1548258326969.jpg 900w, https:\/\/reitschule.ch\/reitschule\/druckundfoto\/drucki\/wp-content\/uploads\/2019\/01\/offeneWerkstatt-e1548258326969-300x117.jpg 300w, https:\/\/reitschule.ch\/reitschule\/druckundfoto\/drucki\/wp-content\/uploads\/2019\/01\/offeneWerkstatt-e1548258326969-768x300.jpg 768w\" sizes=\"auto, (max-width: 900px) 100vw, 900px\" \/><\/figure>\n","protected":false},"excerpt":{"rendered":"<p>Viermal j\u00e4hrlich f\u00fchren wir Siebdruckkurse durch. Lernt an zwei Abenden und einem Wochenende alles \u00fcber diese Drucktechnik und verwirklicht eure Ideen! Nach dem Kurs k\u00f6nnt ihr unsere offene Werkstatt f\u00fcr weitere Projekte benutzen. Die n\u00e4chsten Kurse: August 2020: Mi. 12., Mi.19, Sa 22. &amp; So 23. August Oktober 2020: Mi. [&hellip;]<\/p>\n","protected":false},"author":1,"featured_media":86,"comment_status":"open","ping_status":"closed","sticky":false,"template":"","format":"standard","meta":{"_themeisle_gutenberg_block_has_review":false,"footnotes":""},"categories":[3,5],"tags":[],"class_list":["post-218","post","type-post","status-publish","format-standard","has-post-thumbnail","hentry","category-news","category-siebdruckkurse"],"_links":{"self":[{"href":"https:\/\/reitschule.ch\/reitschule\/druckundfoto\/drucki\/index.php?rest_route=\/wp\/v2\/posts\/218","targetHints":{"allow":["GET"]}}],"collection":[{"href":"https:\/\/reitschule.ch\/reitschule\/druckundfoto\/drucki\/index.php?rest_route=\/wp\/v2\/posts"}],"about":[{"href":"https:\/\/reitschule.ch\/reitschule\/druckundfoto\/drucki\/index.php?rest_route=\/wp\/v2\/types\/post"}],"author":[{"embeddable":true,"href":"https:\/\/reitschule.ch\/reitschule\/druckundfoto\/drucki\/index.php?rest_route=\/wp\/v2\/users\/1"}],"replies":[{"embeddable":true,"href":"https:\/\/reitschule.ch\/reitschule\/druckundfoto\/drucki\/index.php?rest_route=%2Fwp%2Fv2%2Fcomments&post=218"}],"version-history":[{"count":10,"href":"https:\/\/reitschule.ch\/reitschule\/druckundfoto\/drucki\/index.php?rest_route=\/wp\/v2\/posts\/218\/revisions"}],"predecessor-version":[{"id":296,"href":"https:\/\/reitschule.ch\/reitschule\/druckundfoto\/drucki\/index.php?rest_route=\/wp\/v2\/posts\/218\/revisions\/296"}],"wp:featuredmedia":[{"embeddable":true,"href":"https:\/\/reitschule.ch\/reitschule\/druckundfoto\/drucki\/index.php?rest_route=\/wp\/v2\/media\/86"}],"wp:attachment":[{"href":"https:\/\/reitschule.ch\/reitschule\/druckundfoto\/drucki\/index.php?rest_route=%2Fwp%2Fv2%2Fmedia&parent=218"}],"wp:term":[{"taxonomy":"category","embeddable":true,"href":"https:\/\/reitschule.ch\/reitschule\/druckundfoto\/drucki\/index.php?rest_route=%2Fwp%2Fv2%2Fcategories&post=218"},{"taxonomy":"post_tag","embeddable":true,"href":"https:\/\/reitschule.ch\/reitschule\/druckundfoto\/drucki\/index.php?rest_route=%2Fwp%2Fv2%2Ftags&post=218"}],"curies":[{"name":"wp","href":"https:\/\/api.w.org\/{rel}","templated":true}]}}