{"id":312,"date":"2020-10-22T07:20:51","date_gmt":"2020-10-22T07:20:51","guid":{"rendered":"http:\/\/test3.reitschule.ch\/reitschule\/druckitest\/?p=312"},"modified":"2020-10-22T07:29:26","modified_gmt":"2020-10-22T07:29:26","slug":"drucki-bleibt-offen","status":"publish","type":"post","link":"https:\/\/reitschule.ch\/reitschule\/druckundfoto\/drucki\/?p=312","title":{"rendered":"Drucki bleibt offen!"},"content":{"rendered":"\n<p>Wegen der angespannten Corona-Situation und weil es in unseren engen R\u00e4umen kaum m\u00f6glich ist, gen\u00fcgend Abstand zu halten, bitten wir unsere Kundschaft Masken zu tragen und die H\u00e4nde desinfizieren, wenn ihr uns besuchen kommt.  <\/p>\n\n\n\n<p>Falls das grosse\nEingangstor der Reitschule geschlossen ist,  k\u00f6nnt ihr uns anrufen,\nund wir kommen die T\u00fcre \u00f6ffnen.<\/p>\n\n\n\n<p>031 306 69 65<\/p>\n\n\n\n<p>Unsere garantierten\n\u00d6ffnungszeiten bleiben bestehen: Dienstag bis Freitag 13:30 \u2013\n17:30 Uhr. Oft sind wir auch ausserhalb dieser \u00d6ffnungszeiten in der\nDruckerei anzutreffen.<\/p>\n","protected":false},"excerpt":{"rendered":"<p>Wegen der angespannten Corona-Situation und weil es in unseren engen R\u00e4umen kaum m\u00f6glich ist, gen\u00fcgend Abstand zu halten, bitten wir unsere Kundschaft Masken zu tragen und die H\u00e4nde desinfizieren, wenn ihr uns besuchen kommt. Falls das grosse Eingangstor der Reitschule geschlossen ist, k\u00f6nnt ihr uns anrufen, und wir kommen die [&hellip;]<\/p>\n","protected":false},"author":1,"featured_media":315,"comment_status":"open","ping_status":"closed","sticky":false,"template":"","format":"standard","meta":{"_themeisle_gutenberg_block_has_review":false,"footnotes":""},"categories":[3],"tags":[],"class_list":["post-312","post","type-post","status-publish","format-standard","has-post-thumbnail","hentry","category-news"],"_links":{"self":[{"href":"https:\/\/reitschule.ch\/reitschule\/druckundfoto\/drucki\/index.php?rest_route=\/wp\/v2\/posts\/312","targetHints":{"allow":["GET"]}}],"collection":[{"href":"https:\/\/reitschule.ch\/reitschule\/druckundfoto\/drucki\/index.php?rest_route=\/wp\/v2\/posts"}],"about":[{"href":"https:\/\/reitschule.ch\/reitschule\/druckundfoto\/drucki\/index.php?rest_route=\/wp\/v2\/types\/post"}],"author":[{"embeddable":true,"href":"https:\/\/reitschule.ch\/reitschule\/druckundfoto\/drucki\/index.php?rest_route=\/wp\/v2\/users\/1"}],"replies":[{"embeddable":true,"href":"https:\/\/reitschule.ch\/reitschule\/druckundfoto\/drucki\/index.php?rest_route=%2Fwp%2Fv2%2Fcomments&post=312"}],"version-history":[{"count":2,"href":"https:\/\/reitschule.ch\/reitschule\/druckundfoto\/drucki\/index.php?rest_route=\/wp\/v2\/posts\/312\/revisions"}],"predecessor-version":[{"id":314,"href":"https:\/\/reitschule.ch\/reitschule\/druckundfoto\/drucki\/index.php?rest_route=\/wp\/v2\/posts\/312\/revisions\/314"}],"wp:featuredmedia":[{"embeddable":true,"href":"https:\/\/reitschule.ch\/reitschule\/druckundfoto\/drucki\/index.php?rest_route=\/wp\/v2\/media\/315"}],"wp:attachment":[{"href":"https:\/\/reitschule.ch\/reitschule\/druckundfoto\/drucki\/index.php?rest_route=%2Fwp%2Fv2%2Fmedia&parent=312"}],"wp:term":[{"taxonomy":"category","embeddable":true,"href":"https:\/\/reitschule.ch\/reitschule\/druckundfoto\/drucki\/index.php?rest_route=%2Fwp%2Fv2%2Fcategories&post=312"},{"taxonomy":"post_tag","embeddable":true,"href":"https:\/\/reitschule.ch\/reitschule\/druckundfoto\/drucki\/index.php?rest_route=%2Fwp%2Fv2%2Ftags&post=312"}],"curies":[{"name":"wp","href":"https:\/\/api.w.org\/{rel}","templated":true}]}}