{"id":334,"date":"2021-04-07T12:19:26","date_gmt":"2021-04-07T12:19:26","guid":{"rendered":"http:\/\/test3.reitschule.ch\/reitschule\/druckitest\/?p=334"},"modified":"2021-04-07T12:55:43","modified_gmt":"2021-04-07T12:55:43","slug":"tour-de-lorraine-21","status":"publish","type":"post","link":"https:\/\/reitschule.ch\/reitschule\/druckundfoto\/drucki\/?p=334","title":{"rendered":"Tour de Lorraine 21"},"content":{"rendered":"\n<p>Trotz Corona und einigen Verschiebungen wird es im Mai 2021 verschiedene (online-) Veranstaltungen der Tour de Lorraine geben.  Wir durften dazu ein sch\u00f6nes Plakat drucken (Illustration von Eva de Souza):<\/p>\n\n\n\n<p>Rassismus und die Nachwirkungen und Kontinuit\u00e4ten der kolonialen  Verstrickungen der Schweiz sind Themen, die nicht erst seit dem Tod von  George Floyd akut sind. Mit der 21. Ausgabe der Tour de Lorraine vom 30.  April bis 13. Mai 2021 wollen wir sie von vielen Seiten beleuchten und  versuchen, gegenzuspielen. Wir erkunden emanzipatorische K\u00e4mpfe von  fr\u00fcher und heute, und wir hinterfragen <em>weisse <\/em>Privilegien. Kurz  gesagt m\u00f6chten wir an der Tour d\u00e9colonial K\u00f6pfe und Herzen  dekolonisieren und die Welt vom Kopf auf die F\u00fcsse stellen.<\/p>\n\n\n\n<p>www.tourdelorraine.ch<\/p>\n","protected":false},"excerpt":{"rendered":"<p>Trotz Corona und einigen Verschiebungen wird es im Mai 2021 verschiedene (online-) Veranstaltungen der Tour de Lorraine geben. Wir durften dazu ein sch\u00f6nes Plakat drucken (Illustration von Eva de Souza): Rassismus und die Nachwirkungen und Kontinuit\u00e4ten der kolonialen Verstrickungen der Schweiz sind Themen, die nicht erst seit dem Tod von [&hellip;]<\/p>\n","protected":false},"author":1,"featured_media":339,"comment_status":"open","ping_status":"closed","sticky":false,"template":"","format":"standard","meta":{"_themeisle_gutenberg_block_has_review":false,"footnotes":""},"categories":[1],"tags":[],"class_list":["post-334","post","type-post","status-publish","format-standard","has-post-thumbnail","hentry","category-uncategorized"],"_links":{"self":[{"href":"https:\/\/reitschule.ch\/reitschule\/druckundfoto\/drucki\/index.php?rest_route=\/wp\/v2\/posts\/334","targetHints":{"allow":["GET"]}}],"collection":[{"href":"https:\/\/reitschule.ch\/reitschule\/druckundfoto\/drucki\/index.php?rest_route=\/wp\/v2\/posts"}],"about":[{"href":"https:\/\/reitschule.ch\/reitschule\/druckundfoto\/drucki\/index.php?rest_route=\/wp\/v2\/types\/post"}],"author":[{"embeddable":true,"href":"https:\/\/reitschule.ch\/reitschule\/druckundfoto\/drucki\/index.php?rest_route=\/wp\/v2\/users\/1"}],"replies":[{"embeddable":true,"href":"https:\/\/reitschule.ch\/reitschule\/druckundfoto\/drucki\/index.php?rest_route=%2Fwp%2Fv2%2Fcomments&post=334"}],"version-history":[{"count":2,"href":"https:\/\/reitschule.ch\/reitschule\/druckundfoto\/drucki\/index.php?rest_route=\/wp\/v2\/posts\/334\/revisions"}],"predecessor-version":[{"id":340,"href":"https:\/\/reitschule.ch\/reitschule\/druckundfoto\/drucki\/index.php?rest_route=\/wp\/v2\/posts\/334\/revisions\/340"}],"wp:featuredmedia":[{"embeddable":true,"href":"https:\/\/reitschule.ch\/reitschule\/druckundfoto\/drucki\/index.php?rest_route=\/wp\/v2\/media\/339"}],"wp:attachment":[{"href":"https:\/\/reitschule.ch\/reitschule\/druckundfoto\/drucki\/index.php?rest_route=%2Fwp%2Fv2%2Fmedia&parent=334"}],"wp:term":[{"taxonomy":"category","embeddable":true,"href":"https:\/\/reitschule.ch\/reitschule\/druckundfoto\/drucki\/index.php?rest_route=%2Fwp%2Fv2%2Fcategories&post=334"},{"taxonomy":"post_tag","embeddable":true,"href":"https:\/\/reitschule.ch\/reitschule\/druckundfoto\/drucki\/index.php?rest_route=%2Fwp%2Fv2%2Ftags&post=334"}],"curies":[{"name":"wp","href":"https:\/\/api.w.org\/{rel}","templated":true}]}}