{"id":400,"date":"2021-12-17T19:56:29","date_gmt":"2021-12-17T19:56:29","guid":{"rendered":"https:\/\/reitschule.ch\/reitschule\/drucki\/?p=400"},"modified":"2021-12-17T19:58:32","modified_gmt":"2021-12-17T19:58:32","slug":"die-soli-kalender-sind-da","status":"publish","type":"post","link":"https:\/\/reitschule.ch\/reitschule\/druckundfoto\/drucki\/?p=400","title":{"rendered":"Die Soli-Kalender sind da!"},"content":{"rendered":"\n<figure class=\"wp-block-image size-full is-resized\"><img loading=\"lazy\" decoding=\"async\" src=\"https:\/\/reitschule.ch\/reitschule\/druckundfoto\/drucki\/wp-content\/uploads\/2021\/12\/solikalender_mail.jpg\" alt=\"\" class=\"wp-image-401\" width=\"423\" height=\"293\" srcset=\"https:\/\/reitschule.ch\/reitschule\/druckundfoto\/drucki\/wp-content\/uploads\/2021\/12\/solikalender_mail.jpg 819w, https:\/\/reitschule.ch\/reitschule\/druckundfoto\/drucki\/wp-content\/uploads\/2021\/12\/solikalender_mail-300x208.jpg 300w, https:\/\/reitschule.ch\/reitschule\/druckundfoto\/drucki\/wp-content\/uploads\/2021\/12\/solikalender_mail-768x532.jpg 768w\" sizes=\"auto, (max-width: 423px) 100vw, 423px\" \/><\/figure>\n\n\n\n<p>Wir haben mit befreundeten Illustrator*innen einen Soli-Kalender gestaltet um Geld zu sammeln f\u00fcr eine Aktivist*innen-Gruppe in Tripolis Libyen. Fl\u00fcchtende haben sich in Tripolis zusammengetan und protestieren seit \u00fcber 2 Monaten f\u00fcr ihre Evakuierung aus den lebensgef\u00e4hrlichen Zust\u00e4nden in Libyen. Mit dem Kauf des Kalenders unterst\u00fctzt ihr direkt diese Aktivist*innen-Gruppe.<\/p>\n\n\n\n<p>Den Kalender k\u00f6nnt ihr bei uns in der Drucki erwerben, im Q-Laden Bern, im Hirscheneck und beim Druckkollektiv Ph\u00f6nix in Basel, bei Paranoia City und in der Totalbar in Z\u00fcrich, in der Coutellerie Fribourg und im Au Passage und bei Bongo Joe in Genf.<\/p>\n","protected":false},"excerpt":{"rendered":"<p>Wir haben mit befreundeten Illustrator*innen einen Soli-Kalender gestaltet um Geld zu sammeln f\u00fcr eine Aktivist*innen-Gruppe in Tripolis Libyen. Fl\u00fcchtende haben sich in Tripolis zusammengetan und protestieren seit \u00fcber 2 Monaten f\u00fcr ihre Evakuierung aus den lebensgef\u00e4hrlichen Zust\u00e4nden in Libyen. Mit dem Kauf des Kalenders unterst\u00fctzt ihr direkt diese Aktivist*innen-Gruppe. Den [&hellip;]<\/p>\n","protected":false},"author":1,"featured_media":401,"comment_status":"open","ping_status":"closed","sticky":false,"template":"","format":"standard","meta":{"_themeisle_gutenberg_block_has_review":false,"footnotes":""},"categories":[1],"tags":[],"class_list":["post-400","post","type-post","status-publish","format-standard","has-post-thumbnail","hentry","category-uncategorized"],"_links":{"self":[{"href":"https:\/\/reitschule.ch\/reitschule\/druckundfoto\/drucki\/index.php?rest_route=\/wp\/v2\/posts\/400","targetHints":{"allow":["GET"]}}],"collection":[{"href":"https:\/\/reitschule.ch\/reitschule\/druckundfoto\/drucki\/index.php?rest_route=\/wp\/v2\/posts"}],"about":[{"href":"https:\/\/reitschule.ch\/reitschule\/druckundfoto\/drucki\/index.php?rest_route=\/wp\/v2\/types\/post"}],"author":[{"embeddable":true,"href":"https:\/\/reitschule.ch\/reitschule\/druckundfoto\/drucki\/index.php?rest_route=\/wp\/v2\/users\/1"}],"replies":[{"embeddable":true,"href":"https:\/\/reitschule.ch\/reitschule\/druckundfoto\/drucki\/index.php?rest_route=%2Fwp%2Fv2%2Fcomments&post=400"}],"version-history":[{"count":1,"href":"https:\/\/reitschule.ch\/reitschule\/druckundfoto\/drucki\/index.php?rest_route=\/wp\/v2\/posts\/400\/revisions"}],"predecessor-version":[{"id":402,"href":"https:\/\/reitschule.ch\/reitschule\/druckundfoto\/drucki\/index.php?rest_route=\/wp\/v2\/posts\/400\/revisions\/402"}],"wp:featuredmedia":[{"embeddable":true,"href":"https:\/\/reitschule.ch\/reitschule\/druckundfoto\/drucki\/index.php?rest_route=\/wp\/v2\/media\/401"}],"wp:attachment":[{"href":"https:\/\/reitschule.ch\/reitschule\/druckundfoto\/drucki\/index.php?rest_route=%2Fwp%2Fv2%2Fmedia&parent=400"}],"wp:term":[{"taxonomy":"category","embeddable":true,"href":"https:\/\/reitschule.ch\/reitschule\/druckundfoto\/drucki\/index.php?rest_route=%2Fwp%2Fv2%2Fcategories&post=400"},{"taxonomy":"post_tag","embeddable":true,"href":"https:\/\/reitschule.ch\/reitschule\/druckundfoto\/drucki\/index.php?rest_route=%2Fwp%2Fv2%2Ftags&post=400"}],"curies":[{"name":"wp","href":"https:\/\/api.w.org\/{rel}","templated":true}]}}