{"id":511,"date":"2023-03-15T15:19:18","date_gmt":"2023-03-15T15:19:18","guid":{"rendered":"https:\/\/reitschule.ch\/reitschule\/drucki\/?p=511"},"modified":"2023-03-15T15:21:58","modified_gmt":"2023-03-15T15:21:58","slug":"wir-bauen-um-und-bekommen-eine-neue-offset-maschine","status":"publish","type":"post","link":"https:\/\/reitschule.ch\/reitschule\/druckundfoto\/drucki\/?p=511","title":{"rendered":"Wir bauen um und bekommen eine neue Offset-Maschine"},"content":{"rendered":"\n<p>Nach 10 Jahren ersetzten wir unsere 2-Farben Heidelberg SM74 mit einer 4-Farben Heidelberg PM74. Bis die Maschine im Juni installiert wird, m\u00fcssen wir unsere R\u00e4ume noch etwas umbauen. Darum k\u00f6nnen wir unsere Offset-Maschine vom 3. \u2013 16. April nicht in Betrieb haben. Der Digital- und Siebdruck ist davon nicht betroffen.<\/p>\n\n\n\n<figure class=\"wp-block-image size-large\"><img loading=\"lazy\" decoding=\"async\" width=\"768\" height=\"1024\" src=\"https:\/\/reitschule.ch\/reitschule\/druckundfoto\/drucki\/wp-content\/uploads\/2023\/03\/PM-74-4-P-built-2008-1-1-768x1024.jpg\" alt=\"\" class=\"wp-image-513\" srcset=\"https:\/\/reitschule.ch\/reitschule\/druckundfoto\/drucki\/wp-content\/uploads\/2023\/03\/PM-74-4-P-built-2008-1-1-768x1024.jpg 768w, https:\/\/reitschule.ch\/reitschule\/druckundfoto\/drucki\/wp-content\/uploads\/2023\/03\/PM-74-4-P-built-2008-1-1-225x300.jpg 225w, https:\/\/reitschule.ch\/reitschule\/druckundfoto\/drucki\/wp-content\/uploads\/2023\/03\/PM-74-4-P-built-2008-1-1.jpg 1069w\" sizes=\"auto, (max-width: 768px) 100vw, 768px\" \/><\/figure>\n","protected":false},"excerpt":{"rendered":"<p>Nach 10 Jahren ersetzten wir unsere 2-Farben Heidelberg SM74 mit einer 4-Farben Heidelberg PM74. Bis die Maschine im Juni installiert wird, m\u00fcssen wir unsere R\u00e4ume noch etwas umbauen. Darum k\u00f6nnen wir unsere Offset-Maschine vom 3. \u2013 16. April nicht in Betrieb haben. Der Digital- und Siebdruck ist davon nicht betroffen.<\/p>\n","protected":false},"author":1,"featured_media":0,"comment_status":"closed","ping_status":"closed","sticky":false,"template":"","format":"standard","meta":{"_themeisle_gutenberg_block_has_review":false,"footnotes":""},"categories":[1],"tags":[],"class_list":["post-511","post","type-post","status-publish","format-standard","hentry","category-uncategorized"],"_links":{"self":[{"href":"https:\/\/reitschule.ch\/reitschule\/druckundfoto\/drucki\/index.php?rest_route=\/wp\/v2\/posts\/511","targetHints":{"allow":["GET"]}}],"collection":[{"href":"https:\/\/reitschule.ch\/reitschule\/druckundfoto\/drucki\/index.php?rest_route=\/wp\/v2\/posts"}],"about":[{"href":"https:\/\/reitschule.ch\/reitschule\/druckundfoto\/drucki\/index.php?rest_route=\/wp\/v2\/types\/post"}],"author":[{"embeddable":true,"href":"https:\/\/reitschule.ch\/reitschule\/druckundfoto\/drucki\/index.php?rest_route=\/wp\/v2\/users\/1"}],"replies":[{"embeddable":true,"href":"https:\/\/reitschule.ch\/reitschule\/druckundfoto\/drucki\/index.php?rest_route=%2Fwp%2Fv2%2Fcomments&post=511"}],"version-history":[{"count":2,"href":"https:\/\/reitschule.ch\/reitschule\/druckundfoto\/drucki\/index.php?rest_route=\/wp\/v2\/posts\/511\/revisions"}],"predecessor-version":[{"id":514,"href":"https:\/\/reitschule.ch\/reitschule\/druckundfoto\/drucki\/index.php?rest_route=\/wp\/v2\/posts\/511\/revisions\/514"}],"wp:attachment":[{"href":"https:\/\/reitschule.ch\/reitschule\/druckundfoto\/drucki\/index.php?rest_route=%2Fwp%2Fv2%2Fmedia&parent=511"}],"wp:term":[{"taxonomy":"category","embeddable":true,"href":"https:\/\/reitschule.ch\/reitschule\/druckundfoto\/drucki\/index.php?rest_route=%2Fwp%2Fv2%2Fcategories&post=511"},{"taxonomy":"post_tag","embeddable":true,"href":"https:\/\/reitschule.ch\/reitschule\/druckundfoto\/drucki\/index.php?rest_route=%2Fwp%2Fv2%2Ftags&post=511"}],"curies":[{"name":"wp","href":"https:\/\/api.w.org\/{rel}","templated":true}]}}