{"id":587,"date":"2023-11-04T14:20:45","date_gmt":"2023-11-04T14:20:45","guid":{"rendered":"https:\/\/reitschule.ch\/reitschule\/drucki\/?p=587"},"modified":"2023-11-04T14:20:46","modified_gmt":"2023-11-04T14:20:46","slug":"wir-sind-ueberwaeltigt","status":"publish","type":"post","link":"https:\/\/reitschule.ch\/reitschule\/druckundfoto\/drucki\/?p=587","title":{"rendered":"Wir sind \u00fcberw\u00e4ltigt!"},"content":{"rendered":"\n<p><\/p>\n\n\n\n<div class=\"wp-block-columns is-layout-flex wp-container-core-columns-is-layout-28f84493 wp-block-columns-is-layout-flex\">\n<div class=\"wp-block-column is-layout-flow wp-block-column-is-layout-flow\"><div class=\"wp-block-image\">\n<figure class=\"aligncenter size-full is-resized\"><img loading=\"lazy\" decoding=\"async\" width=\"640\" height=\"456\" src=\"https:\/\/reitschule.ch\/reitschule\/druckundfoto\/drucki\/wp-content\/uploads\/2023\/11\/El-Amor.jpeg\" alt=\"\" class=\"wp-image-591\" style=\"aspect-ratio:1.4035087719298245;width:404px;height:auto\" srcset=\"https:\/\/reitschule.ch\/reitschule\/druckundfoto\/drucki\/wp-content\/uploads\/2023\/11\/El-Amor.jpeg 640w, https:\/\/reitschule.ch\/reitschule\/druckundfoto\/drucki\/wp-content\/uploads\/2023\/11\/El-Amor-300x214.jpeg 300w\" sizes=\"auto, (max-width: 640px) 100vw, 640px\" \/><\/figure><\/div><\/div>\n\n\n\n<div class=\"wp-block-column is-layout-flow wp-block-column-is-layout-flow\">\n<p><\/p>\n\n\n\n<p><strong>Wir sind bis an die Grenzen der \u00dcberforderung ger\u00fchrt von eurer riesigen Solidarit\u00e4t \u2013 Tausend Dank!!!<\/strong><\/p>\n\n\n\n<p>Bis zum 21. Dezember l\u00e4uft unser <a href=\"https:\/\/www.crowdify.net\/de\/projekt\/4-farben-fuer-die-drucki\">Crowdfunding,<\/a> wo ihr f\u00fcr eure Spende eines der tollen Goodies ausw\u00e4hlen k\u00f6nnt. <\/p>\n<\/div>\n<\/div>\n\n\n\n<p><\/p>\n\n\n\n<p>Gr\u00f6ssere Betr\u00e4ge d\u00fcrft ihr auch gerne direkt auf unser Konto einzahlen, da Crowdify verst\u00e4ndlicherweise f\u00fcr ihre wunderbare Dienstleistung Geb\u00fchren erhebt. <\/p>\n\n\n\n<p>Unsere IBAN: CH43 0900 0000 3041 3016 5 (Druckerei Reitschule, Neubr\u00fcckstrasse 8, 3012 Bern)<br>Mitteilung: Spende 4 Farben!<\/p>\n","protected":false},"excerpt":{"rendered":"<p>Wir sind bis an die Grenzen der \u00dcberforderung ger\u00fchrt von eurer riesigen Solidarit\u00e4t \u2013 Tausend Dank!!! Bis zum 21. Dezember l\u00e4uft unser Crowdfunding, wo ihr f\u00fcr eure Spende eines der tollen Goodies ausw\u00e4hlen k\u00f6nnt. Gr\u00f6ssere Betr\u00e4ge d\u00fcrft ihr auch gerne direkt auf unser Konto einzahlen, da Crowdify verst\u00e4ndlicherweise f\u00fcr ihre [&hellip;]<\/p>\n","protected":false},"author":1,"featured_media":591,"comment_status":"closed","ping_status":"closed","sticky":false,"template":"","format":"standard","meta":{"_themeisle_gutenberg_block_has_review":false,"footnotes":""},"categories":[1],"tags":[],"class_list":["post-587","post","type-post","status-publish","format-standard","has-post-thumbnail","hentry","category-uncategorized"],"_links":{"self":[{"href":"https:\/\/reitschule.ch\/reitschule\/druckundfoto\/drucki\/index.php?rest_route=\/wp\/v2\/posts\/587","targetHints":{"allow":["GET"]}}],"collection":[{"href":"https:\/\/reitschule.ch\/reitschule\/druckundfoto\/drucki\/index.php?rest_route=\/wp\/v2\/posts"}],"about":[{"href":"https:\/\/reitschule.ch\/reitschule\/druckundfoto\/drucki\/index.php?rest_route=\/wp\/v2\/types\/post"}],"author":[{"embeddable":true,"href":"https:\/\/reitschule.ch\/reitschule\/druckundfoto\/drucki\/index.php?rest_route=\/wp\/v2\/users\/1"}],"replies":[{"embeddable":true,"href":"https:\/\/reitschule.ch\/reitschule\/druckundfoto\/drucki\/index.php?rest_route=%2Fwp%2Fv2%2Fcomments&post=587"}],"version-history":[{"count":6,"href":"https:\/\/reitschule.ch\/reitschule\/druckundfoto\/drucki\/index.php?rest_route=\/wp\/v2\/posts\/587\/revisions"}],"predecessor-version":[{"id":595,"href":"https:\/\/reitschule.ch\/reitschule\/druckundfoto\/drucki\/index.php?rest_route=\/wp\/v2\/posts\/587\/revisions\/595"}],"wp:featuredmedia":[{"embeddable":true,"href":"https:\/\/reitschule.ch\/reitschule\/druckundfoto\/drucki\/index.php?rest_route=\/wp\/v2\/media\/591"}],"wp:attachment":[{"href":"https:\/\/reitschule.ch\/reitschule\/druckundfoto\/drucki\/index.php?rest_route=%2Fwp%2Fv2%2Fmedia&parent=587"}],"wp:term":[{"taxonomy":"category","embeddable":true,"href":"https:\/\/reitschule.ch\/reitschule\/druckundfoto\/drucki\/index.php?rest_route=%2Fwp%2Fv2%2Fcategories&post=587"},{"taxonomy":"post_tag","embeddable":true,"href":"https:\/\/reitschule.ch\/reitschule\/druckundfoto\/drucki\/index.php?rest_route=%2Fwp%2Fv2%2Ftags&post=587"}],"curies":[{"name":"wp","href":"https:\/\/api.w.org\/{rel}","templated":true}]}}