{"id":683,"date":"2024-06-27T15:12:05","date_gmt":"2024-06-27T15:12:05","guid":{"rendered":"https:\/\/reitschule.ch\/reitschule\/drucki\/?p=683"},"modified":"2024-06-27T15:12:05","modified_gmt":"2024-06-27T15:12:05","slug":"wir-naehern-uns-dem-sommerloch","status":"publish","type":"post","link":"https:\/\/reitschule.ch\/reitschule\/druckundfoto\/drucki\/?p=683","title":{"rendered":"Wir n\u00e4hern uns dem Sommerloch"},"content":{"rendered":"\n<p>W\u00e4hrend den Schulsommerferien (8.Juli bis 9. August) sind wir nicht st\u00e4ndig zu unseren normalen \u00d6ffnungszeiten da \u2013 per Telefon sind wir also nur eingeschr\u00e4nkt erreichbar, per Email sind wir gut erreichbar und nehmen gerne auch Druckauftr\u00e4ge entgegen. <\/p>\n\n\n\n<p>Vom 22. bis 27. Juli hat die Drucki geschlossen. <\/p>\n\n\n\n<p><\/p>\n","protected":false},"excerpt":{"rendered":"<p>W\u00e4hrend den Schulsommerferien (8.Juli bis 9. August) sind wir nicht st\u00e4ndig zu unseren normalen \u00d6ffnungszeiten da \u2013 per Telefon sind wir also nur eingeschr\u00e4nkt erreichbar, per Email sind wir gut erreichbar und nehmen gerne auch Druckauftr\u00e4ge entgegen. Vom 22. bis 27. Juli hat die Drucki geschlossen.<\/p>\n","protected":false},"author":1,"featured_media":525,"comment_status":"closed","ping_status":"closed","sticky":false,"template":"","format":"standard","meta":{"_themeisle_gutenberg_block_has_review":false,"footnotes":""},"categories":[1],"tags":[],"class_list":["post-683","post","type-post","status-publish","format-standard","has-post-thumbnail","hentry","category-uncategorized"],"_links":{"self":[{"href":"https:\/\/reitschule.ch\/reitschule\/druckundfoto\/drucki\/index.php?rest_route=\/wp\/v2\/posts\/683","targetHints":{"allow":["GET"]}}],"collection":[{"href":"https:\/\/reitschule.ch\/reitschule\/druckundfoto\/drucki\/index.php?rest_route=\/wp\/v2\/posts"}],"about":[{"href":"https:\/\/reitschule.ch\/reitschule\/druckundfoto\/drucki\/index.php?rest_route=\/wp\/v2\/types\/post"}],"author":[{"embeddable":true,"href":"https:\/\/reitschule.ch\/reitschule\/druckundfoto\/drucki\/index.php?rest_route=\/wp\/v2\/users\/1"}],"replies":[{"embeddable":true,"href":"https:\/\/reitschule.ch\/reitschule\/druckundfoto\/drucki\/index.php?rest_route=%2Fwp%2Fv2%2Fcomments&post=683"}],"version-history":[{"count":1,"href":"https:\/\/reitschule.ch\/reitschule\/druckundfoto\/drucki\/index.php?rest_route=\/wp\/v2\/posts\/683\/revisions"}],"predecessor-version":[{"id":684,"href":"https:\/\/reitschule.ch\/reitschule\/druckundfoto\/drucki\/index.php?rest_route=\/wp\/v2\/posts\/683\/revisions\/684"}],"wp:featuredmedia":[{"embeddable":true,"href":"https:\/\/reitschule.ch\/reitschule\/druckundfoto\/drucki\/index.php?rest_route=\/wp\/v2\/media\/525"}],"wp:attachment":[{"href":"https:\/\/reitschule.ch\/reitschule\/druckundfoto\/drucki\/index.php?rest_route=%2Fwp%2Fv2%2Fmedia&parent=683"}],"wp:term":[{"taxonomy":"category","embeddable":true,"href":"https:\/\/reitschule.ch\/reitschule\/druckundfoto\/drucki\/index.php?rest_route=%2Fwp%2Fv2%2Fcategories&post=683"},{"taxonomy":"post_tag","embeddable":true,"href":"https:\/\/reitschule.ch\/reitschule\/druckundfoto\/drucki\/index.php?rest_route=%2Fwp%2Fv2%2Ftags&post=683"}],"curies":[{"name":"wp","href":"https:\/\/api.w.org\/{rel}","templated":true}]}}